{"id":8212,"date":"2026-03-09T16:33:21","date_gmt":"2026-03-09T15:33:21","guid":{"rendered":"https:\/\/gtvbfc.com\/?p=8212"},"modified":"2026-03-19T12:46:39","modified_gmt":"2026-03-19T11:46:39","slug":"webinaire-pratiques-de-base-en-identification-equine","status":"publish","type":"post","link":"https:\/\/gtvbfc.com\/index.php\/2026\/03\/09\/webinaire-pratiques-de-base-en-identification-equine\/","title":{"rendered":"Webinaire \u00ab\u00a0Pratiques de base en identification \u00e9quine\u00a0\u00bb"},"content":{"rendered":"\n<p>L&rsquo;IFCE et ses correspondants Identification des r\u00e9gions&nbsp;<strong>Grand Est<\/strong>&nbsp;et&nbsp;<strong>Bourgogne-Franche-Comt\u00e9<\/strong>&nbsp;vous invitent \u00e0 participer au webinaire&nbsp;<em><strong>\u00ab\u00a0Pratiques de base en identification \u00e9quine\u00a0\u00bb<\/strong><\/em>,&nbsp; sp\u00e9cialement con\u00e7u \u00e0 destination des v\u00e9t\u00e9rinaires praticiens.&nbsp;<\/p>\n\n\n\n<p>Au programme : vos obligations r\u00e9glementaires et la conduite \u00e0 tenir en cas de primo-identification ou de contr\u00f4le d&rsquo;identit\u00e9, des cas pratiques d\u00e9taill\u00e9s pour identifier un poulain ou un \u00e9quid\u00e9 adulte \u00e9tape par \u00e9tape, une s\u00e9lection d&rsquo;outils et de ressources directement utilisables sur le terrain, et un temps d&rsquo;\u00e9change en questions-r\u00e9ponses avec nos correspondants r\u00e9gionaux.<\/p>\n\n\n\n<p>Un rendez-vous gratuit, concret et op\u00e9rationnel, pour pratiquer l&rsquo;identification \u00e9quine avec m\u00e9thode et assurance : <strong>le jeudi 09 avril ou le vendredi 24 avril, \u00e0 12h30<\/strong> (dur\u00e9e 1h)<\/p>\n\n\n\n<div class=\"wp-block-buttons is-layout-flex wp-block-buttons-is-layout-flex\">\n<div class=\"wp-block-button\"><a class=\"wp-block-button__link wp-element-button\" href=\"https:\/\/forms.gle\/ziFNZKiEo4xh897RA\">Inscrivez-vous<\/a><\/div>\n<\/div>\n","protected":false},"excerpt":{"rendered":"<p>L&rsquo;IFCE et ses correspondants Identification des r\u00e9gions&nbsp;Grand Est&nbsp;et&nbsp;Bourgogne-Franche-Comt\u00e9&nbsp;vous invitent \u00e0 participer au webinaire&nbsp;\u00ab\u00a0Pratiques de base en identification \u00e9quine\u00a0\u00bb,&nbsp; sp\u00e9cialement con\u00e7u \u00e0 destination des v\u00e9t\u00e9rinaires praticiens.&nbsp; Au programme : vos obligations r\u00e9glementaires et la conduite \u00e0 tenir en cas de primo-identification ou de contr\u00f4le d&rsquo;identit\u00e9, des cas pratiques d\u00e9taill\u00e9s pour identifier un poulain ou un \u00e9quid\u00e9 [&hellip;]<\/p>\n","protected":false},"author":1,"featured_media":8213,"comment_status":"closed","ping_status":"closed","sticky":false,"template":"","format":"standard","meta":{"footnotes":""},"categories":[63],"tags":[],"class_list":["post-8212","post","type-post","status-publish","format-standard","has-post-thumbnail","hentry","category-webinaire"],"_links":{"self":[{"href":"https:\/\/gtvbfc.com\/index.php\/wp-json\/wp\/v2\/posts\/8212","targetHints":{"allow":["GET"]}}],"collection":[{"href":"https:\/\/gtvbfc.com\/index.php\/wp-json\/wp\/v2\/posts"}],"about":[{"href":"https:\/\/gtvbfc.com\/index.php\/wp-json\/wp\/v2\/types\/post"}],"author":[{"embeddable":true,"href":"https:\/\/gtvbfc.com\/index.php\/wp-json\/wp\/v2\/users\/1"}],"replies":[{"embeddable":true,"href":"https:\/\/gtvbfc.com\/index.php\/wp-json\/wp\/v2\/comments?post=8212"}],"version-history":[{"count":0,"href":"https:\/\/gtvbfc.com\/index.php\/wp-json\/wp\/v2\/posts\/8212\/revisions"}],"wp:featuredmedia":[{"embeddable":true,"href":"https:\/\/gtvbfc.com\/index.php\/wp-json\/wp\/v2\/media\/8213"}],"wp:attachment":[{"href":"https:\/\/gtvbfc.com\/index.php\/wp-json\/wp\/v2\/media?parent=8212"}],"wp:term":[{"taxonomy":"category","embeddable":true,"href":"https:\/\/gtvbfc.com\/index.php\/wp-json\/wp\/v2\/categories?post=8212"},{"taxonomy":"post_tag","embeddable":true,"href":"https:\/\/gtvbfc.com\/index.php\/wp-json\/wp\/v2\/tags?post=8212"}],"curies":[{"name":"wp","href":"https:\/\/api.w.org\/{rel}","templated":true}]}}