{"id":7798,"date":"2025-12-08T11:15:14","date_gmt":"2025-12-08T10:15:14","guid":{"rendered":"https:\/\/gtvbfc.com\/?p=7798"},"modified":"2025-12-08T11:15:14","modified_gmt":"2025-12-08T10:15:14","slug":"le-poulain-et-sa-prise-en-charge","status":"publish","type":"post","link":"https:\/\/gtvbfc.com\/index.php\/2025\/12\/08\/le-poulain-et-sa-prise-en-charge\/","title":{"rendered":"Le poulain et sa prise en charge"},"content":{"rendered":"\n<p><strong>De la consultation n\u00e9onatale \u00e0 la d\u00e9cision th\u00e9rapeutique. Comment rep\u00e9rer pr\u00e9cocement les anomalies et am\u00e9liorer le pronostic ?<\/strong><\/p>\n\n\n\n<p><strong>Vendredi 20 mars 2026 <\/strong>\u2013 Belfort (90), anim\u00e9e par Alain SENSENBRENNER<\/p>\n\n\n\n<figure class=\"wp-block-table\"><table class=\"has-fixed-layout\"><tbody><tr><td><strong>Le poulain est un individu fragile pour lequel le propri\u00e9taire a attendu 11 mois. L\u2019investissement tant affectif que financier est important et le v\u00e9t\u00e9rinaire a un r\u00f4le de conseil et de surveillance lors de toute consultation d\u2019un poulain. Rep\u00e9rer pr\u00e9cocement les anomalies cliniques et para-cliniques permet une prise en charge pr\u00e9coce et rapide du foal : un atout ind\u00e9niable qui am\u00e9liore le pronostic vital et sportif.<\/strong><\/td><\/tr><\/tbody><\/table><\/figure>\n\n\n\n<figure class=\"wp-block-table\"><table class=\"has-fixed-layout\"><tbody><tr><td><strong>Les objectifs de la formation<\/strong><br><em>A l\u2019issue de la formation, vous conna\u00eetrez :<\/em><br>&#8211; les particularit\u00e9s comportementales, physiologique et h\u00e9mato-biochimiques du poulain<br>&#8211; les principales pathologies cong\u00e9nitales ou acquises rencontr\u00e9es couramment sur le terrain<br>&#8211; les traitements de ces pathologies<br><br>Vous serez capable :<br>&#8211; d\u2019\u00e9valuer un poulain et de reconna\u00eetre les principales anomalies<br>&#8211; d\u2019avoir une d\u00e9marche diagnostique et th\u00e9rapeutique face \u00e0 un poulain faible<br>&#8211; de r\u00e9aliser les chirurgies de terrain sur le poulain.<\/td><\/tr><\/tbody><\/table><\/figure>\n\n\n\n<figure class=\"wp-block-table\"><table class=\"has-fixed-layout\"><tbody><tr><td><strong>Les atouts de la formation : <\/strong><br>Intervenant travaillant en client\u00e8le de terrain et se trouvant r\u00e9guli\u00e8rement confront\u00e9 \u00e0 ces cas de figures<br>Formation donnant une d\u00e9marche diagnostique et des bases th\u00e9rapeutiques<br>Nombreux cas cliniques rencontr\u00e9s sur le terrain<\/td><\/tr><\/tbody><\/table><\/figure>\n\n\n\n<div class=\"wp-block-buttons is-content-justification-right is-layout-flex wp-container-core-buttons-is-layout-765c4724 wp-block-buttons-is-layout-flex\">\n<div class=\"wp-block-button\"><a class=\"wp-block-button__link has-text-align-right wp-element-button\" href=\"https:\/\/www2.sngtv.org\/formation\/le-poulain-et-sa-prise-en-charge\/?session_id=71864\">Programme et inscription<\/a><\/div>\n<\/div>\n\n\n\n<p class=\"has-text-align-center\"><\/p>\n\n\n\n<p><\/p>\n","protected":false},"excerpt":{"rendered":"<p>De la consultation n\u00e9onatale \u00e0 la d\u00e9cision th\u00e9rapeutique. Comment rep\u00e9rer pr\u00e9cocement les anomalies et am\u00e9liorer le pronostic ? Vendredi 20 mars 2026 \u2013 Belfort (90), anim\u00e9e par Alain SENSENBRENNER Le poulain est un individu fragile pour lequel le propri\u00e9taire a attendu 11 mois. L\u2019investissement tant affectif que financier est important et le v\u00e9t\u00e9rinaire a un [&hellip;]<\/p>\n","protected":false},"author":1,"featured_media":7799,"comment_status":"closed","ping_status":"closed","sticky":false,"template":"","format":"standard","meta":{"footnotes":""},"categories":[44],"tags":[],"class_list":["post-7798","post","type-post","status-publish","format-standard","has-post-thumbnail","hentry","category-formation-veterinaire"],"_links":{"self":[{"href":"https:\/\/gtvbfc.com\/index.php\/wp-json\/wp\/v2\/posts\/7798","targetHints":{"allow":["GET"]}}],"collection":[{"href":"https:\/\/gtvbfc.com\/index.php\/wp-json\/wp\/v2\/posts"}],"about":[{"href":"https:\/\/gtvbfc.com\/index.php\/wp-json\/wp\/v2\/types\/post"}],"author":[{"embeddable":true,"href":"https:\/\/gtvbfc.com\/index.php\/wp-json\/wp\/v2\/users\/1"}],"replies":[{"embeddable":true,"href":"https:\/\/gtvbfc.com\/index.php\/wp-json\/wp\/v2\/comments?post=7798"}],"version-history":[{"count":0,"href":"https:\/\/gtvbfc.com\/index.php\/wp-json\/wp\/v2\/posts\/7798\/revisions"}],"wp:featuredmedia":[{"embeddable":true,"href":"https:\/\/gtvbfc.com\/index.php\/wp-json\/wp\/v2\/media\/7799"}],"wp:attachment":[{"href":"https:\/\/gtvbfc.com\/index.php\/wp-json\/wp\/v2\/media?parent=7798"}],"wp:term":[{"taxonomy":"category","embeddable":true,"href":"https:\/\/gtvbfc.com\/index.php\/wp-json\/wp\/v2\/categories?post=7798"},{"taxonomy":"post_tag","embeddable":true,"href":"https:\/\/gtvbfc.com\/index.php\/wp-json\/wp\/v2\/tags?post=7798"}],"curies":[{"name":"wp","href":"https:\/\/api.w.org\/{rel}","templated":true}]}}