{"id":7766,"date":"2025-12-04T10:35:52","date_gmt":"2025-12-04T09:35:52","guid":{"rendered":"https:\/\/gtvbfc.com\/?p=7766"},"modified":"2025-12-04T10:35:53","modified_gmt":"2025-12-04T09:35:53","slug":"webinaire-dncb-du-02-12-2025-a-destination-des-veterinaires-de-la-zr-4-etendue","status":"publish","type":"post","link":"https:\/\/gtvbfc.com\/index.php\/2025\/12\/04\/webinaire-dncb-du-02-12-2025-a-destination-des-veterinaires-de-la-zr-4-etendue\/","title":{"rendered":"Webinaire DNCB du 02\/12\/2025 \u00e0 destination des v\u00e9t\u00e9rinaires de la ZR-4 \u00e9tendue"},"content":{"rendered":"\n<p>En partenariat avec le SRAl et la DGAl, le GTV BFC a anim\u00e9 un webinaire le mardi 02\/12 sur la Dermatose Nodulaire Contagieuse, suite \u00e0 la d\u00e9claration du premier foyer de DNC dans le Doubs.<\/p>\n\n\n\n<p>L&rsquo;occasion de faire le point sur cette maladie, son diagnostic, sa gestion et la vaccination.<\/p>\n\n\n\n<div class=\"wp-block-buttons is-layout-flex wp-block-buttons-is-layout-flex\">\n<div class=\"wp-block-button\"><a class=\"wp-block-button__link wp-element-button\" href=\"https:\/\/gtvbfc.com\/index.php\/2025\/07\/28\/dermatose-nodulaire-contagieuse-en-savoie-et-haute-savoie-point-de-situation\/\">Retrouvez tous les documents relatifs \u00e0 la DNC ici<\/a><\/div>\n<\/div>\n\n\n\n<div data-wp-interactive=\"core\/file\" class=\"wp-block-file\"><object data-wp-bind--hidden=\"!state.hasPdfPreview\" hidden class=\"wp-block-file__embed\" data=\"https:\/\/gtvbfc.com\/wp-content\/uploads\/2025\/12\/DNCB-WEBINAIRE-20251202_v20251202.pdf\" type=\"application\/pdf\" style=\"width:100%;height:550px\" aria-label=\"Contenu embarqu\u00e9 DNCB - WEBINAIRE 20251202_v20251202.\"><\/object><a id=\"wp-block-file--media-dc91c84f-05a8-4d7d-82a3-1a50b5e453db\" href=\"https:\/\/gtvbfc.com\/wp-content\/uploads\/2025\/12\/DNCB-WEBINAIRE-20251202_v20251202.pdf\">DNCB &#8211; WEBINAIRE 20251202_v20251202<\/a><a href=\"https:\/\/gtvbfc.com\/wp-content\/uploads\/2025\/12\/DNCB-WEBINAIRE-20251202_v20251202.pdf\" class=\"wp-block-file__button wp-element-button\" download aria-describedby=\"wp-block-file--media-dc91c84f-05a8-4d7d-82a3-1a50b5e453db\">T\u00e9l\u00e9charger<\/a><\/div>\n\n\n\n<div class=\"wp-block-buttons is-layout-flex wp-block-buttons-is-layout-flex\">\n<div class=\"wp-block-button\"><a class=\"wp-block-button__link wp-element-button\" href=\"https:\/\/transcripts.gotomeeting.com\/#\/s\/02bbf03b7a3b1338de3bbf3c865326704c3026347626dca1bd58c4e3f859de57\">Replay<\/a><\/div>\n<\/div>\n\n\n\n<p><\/p>\n","protected":false},"excerpt":{"rendered":"<p>En partenariat avec le SRAl et la DGAl, le GTV BFC a anim\u00e9 un webinaire le mardi 02\/12 sur la Dermatose Nodulaire Contagieuse, suite \u00e0 la d\u00e9claration du premier foyer de DNC dans le Doubs. L&rsquo;occasion de faire le point sur cette maladie, son diagnostic, sa gestion et la vaccination.<\/p>\n","protected":false},"author":1,"featured_media":6992,"comment_status":"closed","ping_status":"closed","sticky":false,"template":"","format":"standard","meta":{"footnotes":""},"categories":[63],"tags":[],"class_list":["post-7766","post","type-post","status-publish","format-standard","has-post-thumbnail","hentry","category-webinaire"],"_links":{"self":[{"href":"https:\/\/gtvbfc.com\/index.php\/wp-json\/wp\/v2\/posts\/7766","targetHints":{"allow":["GET"]}}],"collection":[{"href":"https:\/\/gtvbfc.com\/index.php\/wp-json\/wp\/v2\/posts"}],"about":[{"href":"https:\/\/gtvbfc.com\/index.php\/wp-json\/wp\/v2\/types\/post"}],"author":[{"embeddable":true,"href":"https:\/\/gtvbfc.com\/index.php\/wp-json\/wp\/v2\/users\/1"}],"replies":[{"embeddable":true,"href":"https:\/\/gtvbfc.com\/index.php\/wp-json\/wp\/v2\/comments?post=7766"}],"version-history":[{"count":0,"href":"https:\/\/gtvbfc.com\/index.php\/wp-json\/wp\/v2\/posts\/7766\/revisions"}],"wp:featuredmedia":[{"embeddable":true,"href":"https:\/\/gtvbfc.com\/index.php\/wp-json\/wp\/v2\/media\/6992"}],"wp:attachment":[{"href":"https:\/\/gtvbfc.com\/index.php\/wp-json\/wp\/v2\/media?parent=7766"}],"wp:term":[{"taxonomy":"category","embeddable":true,"href":"https:\/\/gtvbfc.com\/index.php\/wp-json\/wp\/v2\/categories?post=7766"},{"taxonomy":"post_tag","embeddable":true,"href":"https:\/\/gtvbfc.com\/index.php\/wp-json\/wp\/v2\/tags?post=7766"}],"curies":[{"name":"wp","href":"https:\/\/api.w.org\/{rel}","templated":true}]}}