{"id":7714,"date":"2025-12-01T11:29:00","date_gmt":"2025-12-01T10:29:00","guid":{"rendered":"https:\/\/gtvbfc.com\/?p=7714"},"modified":"2025-12-01T17:20:59","modified_gmt":"2025-12-01T16:20:59","slug":"peste-porcine-africaine-deux-cas-en-espagne-catalogne","status":"publish","type":"post","link":"https:\/\/gtvbfc.com\/index.php\/2025\/12\/01\/peste-porcine-africaine-deux-cas-en-espagne-catalogne\/","title":{"rendered":"Peste porcine africaine : Deux cas en Espagne (Catalogne)"},"content":{"rendered":"\n<p>Les services v\u00e9t\u00e9rinaires espagnols ont confirm\u00e9 deux cas de peste porcine africaine (PPA). Les r\u00e9sultats positifs ont \u00e9t\u00e9 d\u00e9tect\u00e9s chez deux sangliers retrouv\u00e9s morts, le 26 novembre, \u00e0 Bellaterra (Barcelone)&nbsp; (source&nbsp;:&nbsp;<a href=\"https:\/\/www.mapa.gob.es\/en\/prensa\/ultimas-noticias\/detalle_noticias\/espa-a-detecta-dos-casos-de-peste-porcina-africana-en-animales-silvestres\/e945ba4f-1d00-4476-b0ae-7251bc7f7651\">MAPA le 28\/11\/2025<\/a>).&nbsp;<\/p>\n\n\n\n<p>Les deux carcasses de sanglier sauvage \u00e9taient distantes d\u2019environ un kilom\u00e8tre, et situ\u00e9es \u00e0 proximit\u00e9 du campus de l\u2019Universit\u00e9 autonome de Barcelone, soit \u00e0 94 km de la fronti\u00e8re fran\u00e7aise. A ce stade, nous n&rsquo;avons pas d&rsquo;information sur le g\u00e9notype de PPA ni sur l&rsquo;origine de cette infection. Une enqu\u00eate \u00e9pid\u00e9miologique est en cours.\u00a0<em>Une des hypoth\u00e8ses envisag\u00e9es pour le retour en Espagne de ce virus par les experts est qu&rsquo;il aurait pu arriver via une charcuterie contamin\u00e9e transport\u00e9e par la route, ensuite consomm\u00e9e par un sanglier, mais cela n&rsquo;est pas encore confirm\u00e9, a encore pr\u00e9cis\u00e9 le responsable catalan.<\/em><\/p>\n\n\n\n<p>Toutes les mesures de gestion ont \u00e9t\u00e9 mises en place comprenant la d\u00e9limitation de la zone infect\u00e9e, la recherche active et l\u2019\u00e9limination sous contr\u00f4le officiel des carcasses de sangliers, l\u2019interdiction de la chasse dans la zone afin d\u2019emp\u00eacher le d\u00e9placement des sangliers vers la zone indemne, la restriction des activit\u00e9s de nature non essentielles, le renforcement de la surveillance \u00e9v\u00e8nementielle et des mesures de bios\u00e9curit\u00e9 dans les \u00e9levages porcins, ainsi que des visites officielles dans ces \u00e9tablissements.<\/p>\n\n\n\n<blockquote class=\"wp-block-quote is-layout-flow wp-block-quote-is-layout-flow\">\n<p><strong>RAPPEL CONCERNANT LA PPA (SOURCE : ANSP)<\/strong><\/p>\n\n\n\n<ul class=\"wp-block-list\">\n<li>La fi\u00e8vre porcine africaine est une maladie qui affecte exclusivement les porcs et les sangliers.<\/li>\n\n\n\n<li><strong>Elle est sans danger pour l\u2019Homme&nbsp;<\/strong>car non transmissible, que cela soit par contact avec des animaux infect\u00e9s ou par consommation d\u2019aliments contenant du porc ou du sanglier.<\/li>\n\n\n\n<li>Le virus pouvant se transmettre aux sangliers et aux porcs par l\u2019ingestion de restes alimentaires, il est important de ne pas jeter les restes de repas dans la nature. Les restes alimentaires doivent \u00eatre plac\u00e9s dans des poubelles ferm\u00e9es.<\/li>\n<\/ul>\n\n\n\n<p><strong>Concernant les \u00e9leveurs<\/strong><strong><\/strong><\/p>\n\n\n\n<figure class=\"wp-block-image\"><img decoding=\"async\" src=\"https:\/\/mail.google.com\/mail\/u\/0?ui=2&amp;ik=b06af548b8&amp;attid=0.0.1.1&amp;permmsgid=msg-f:1850052174809330775&amp;th=19acb4a6a772f457&amp;view=fimg&amp;fur=ip&amp;permmsgid=msg-f:1850052174809330775&amp;sz=s0-l75-ft&amp;attbid=ANGjdJ8SJs5wbKv3rTWZnZB3P5yEKgNKcepms7qLcYTZ8PAVs0yI_DQgPJOiqBWkFbtLoXaeFjZMjea0oDOQK2ubAHustvQJvRyTql81rf-hqHZQBmCdZWJ0jegq3ow&amp;disp=emb&amp;zw\" alt=\"\"\/><\/figure>\n<\/blockquote>\n\n\n\n<p><strong>Pour rappel<\/strong>, pour tout savoir sur la PPA :&nbsp;<a href=\"https:\/\/agriculture.gouv.fr\/peste-porcine-africaine-ppa-agir-pour-prevenir\" target=\"_blank\" rel=\"noreferrer noopener\">https:\/\/agriculture.gouv.fr\/peste-porcine-africaine-ppa-agir-pour-prevenir<\/a><\/p>\n\n\n\n<div class=\"wp-block-buttons is-layout-flex wp-block-buttons-is-layout-flex\">\n<div class=\"wp-block-button\"><a class=\"wp-block-button__link wp-element-button\" href=\"https:\/\/gtvbfc.com\/index.php\/2023\/05\/30\/peste-porcine-africaine\/\">Fiche Maladie PPA<\/a><\/div>\n<\/div>\n","protected":false},"excerpt":{"rendered":"<p>Les services v\u00e9t\u00e9rinaires espagnols ont confirm\u00e9 deux cas de peste porcine africaine (PPA). Les r\u00e9sultats positifs ont \u00e9t\u00e9 d\u00e9tect\u00e9s chez deux sangliers retrouv\u00e9s morts, le 26 novembre, \u00e0 Bellaterra (Barcelone)&nbsp; (source&nbsp;:&nbsp;MAPA le 28\/11\/2025).&nbsp; Les deux carcasses de sanglier sauvage \u00e9taient distantes d\u2019environ un kilom\u00e8tre, et situ\u00e9es \u00e0 proximit\u00e9 du campus de l\u2019Universit\u00e9 autonome de Barcelone, [&hellip;]<\/p>\n","protected":false},"author":1,"featured_media":5856,"comment_status":"closed","ping_status":"closed","sticky":false,"template":"","format":"standard","meta":{"footnotes":""},"categories":[50],"tags":[],"class_list":["post-7714","post","type-post","status-publish","format-standard","has-post-thumbnail","hentry","category-information"],"_links":{"self":[{"href":"https:\/\/gtvbfc.com\/index.php\/wp-json\/wp\/v2\/posts\/7714","targetHints":{"allow":["GET"]}}],"collection":[{"href":"https:\/\/gtvbfc.com\/index.php\/wp-json\/wp\/v2\/posts"}],"about":[{"href":"https:\/\/gtvbfc.com\/index.php\/wp-json\/wp\/v2\/types\/post"}],"author":[{"embeddable":true,"href":"https:\/\/gtvbfc.com\/index.php\/wp-json\/wp\/v2\/users\/1"}],"replies":[{"embeddable":true,"href":"https:\/\/gtvbfc.com\/index.php\/wp-json\/wp\/v2\/comments?post=7714"}],"version-history":[{"count":0,"href":"https:\/\/gtvbfc.com\/index.php\/wp-json\/wp\/v2\/posts\/7714\/revisions"}],"wp:featuredmedia":[{"embeddable":true,"href":"https:\/\/gtvbfc.com\/index.php\/wp-json\/wp\/v2\/media\/5856"}],"wp:attachment":[{"href":"https:\/\/gtvbfc.com\/index.php\/wp-json\/wp\/v2\/media?parent=7714"}],"wp:term":[{"taxonomy":"category","embeddable":true,"href":"https:\/\/gtvbfc.com\/index.php\/wp-json\/wp\/v2\/categories?post=7714"},{"taxonomy":"post_tag","embeddable":true,"href":"https:\/\/gtvbfc.com\/index.php\/wp-json\/wp\/v2\/tags?post=7714"}],"curies":[{"name":"wp","href":"https:\/\/api.w.org\/{rel}","templated":true}]}}