{"id":5148,"date":"2024-08-14T14:38:06","date_gmt":"2024-08-14T12:38:06","guid":{"rendered":"https:\/\/gtvbfc.com\/?p=5148"},"modified":"2024-08-14T14:38:07","modified_gmt":"2024-08-14T12:38:07","slug":"iahp-1er-foyer-en-france-detecte-dans-un-elevage-de-volailles-en-ille-et-vilaine","status":"publish","type":"post","link":"https:\/\/gtvbfc.com\/index.php\/2024\/08\/14\/iahp-1er-foyer-en-france-detecte-dans-un-elevage-de-volailles-en-ille-et-vilaine\/","title":{"rendered":"IAHP : 1er foyer en France d\u00e9tect\u00e9 dans un \u00e9levage de volailles en Ille-et-Vilaine"},"content":{"rendered":"\n<p><strong>Un foyer d\u2019influenza aviaire hautement pathog\u00e8ne (IAHP) a \u00e9t\u00e9 d\u00e9tect\u00e9 en Ille-et-Vilaine, le 12 ao\u00fbt. Il s\u2019agit du premier foyer en \u00e9levage confirm\u00e9 en France depuis l\u2019\u00e9pizootie de l\u2019hiver dernier. Des zones r\u00e9glement\u00e9es ont \u00e9t\u00e9 mises en place autour de l\u2019exploitation touch\u00e9e. Le risque IAHP demeure \u00ab&nbsp;<\/strong><strong>n\u00e9gligeable&nbsp;<\/strong><strong>\u00bb sur le territoire national.<\/strong><\/p>\n\n\n\n<p>Le premier foyer d\u2019influenza aviaire hautement pathog\u00e8ne (IAHP) de la saison 2024-2025 a \u00e9t\u00e9 d\u00e9tect\u00e9 dans un \u00e9levage pluri-volailles d\u2019Ille-et-Vilaine (35) le 12 ao\u00fbt 2024. Il s\u2019agit du premier foyer confirm\u00e9 en France depuis le 16 janvier dernier.<\/p>\n\n\n\n<p>Le niveau de risque pour la maladie reste quant \u00e0 lui \u00ab\u00a0n\u00e9gligeable\u00a0\u00bb, comme c\u2019est le cas\u00a0<a href=\"https:\/\/agriculture.gouv.fr\/influenza-aviaire-levolution-favorable-de-la-situation-sanitaire-permet-dabaisser-le-niveau-de\" target=\"_blank\" rel=\"noreferrer noopener\">depuis le 3 mai 2024<\/a>.<\/p>\n\n\n\n<div class=\"wp-block-buttons is-layout-flex wp-block-buttons-is-layout-flex\">\n<div class=\"wp-block-button\"><a class=\"wp-block-button__link wp-element-button\" href=\"https:\/\/agriculture.gouv.fr\/iahp-un-premier-foyer-detecte-dans-un-elevage-de-volailles-en-ille-et-vilaine\">Communiqu\u00e9 de presse<\/a><\/div>\n<\/div>\n","protected":false},"excerpt":{"rendered":"<p>Un foyer d\u2019influenza aviaire hautement pathog\u00e8ne (IAHP) a \u00e9t\u00e9 d\u00e9tect\u00e9 en Ille-et-Vilaine, le 12 ao\u00fbt. Il s\u2019agit du premier foyer en \u00e9levage confirm\u00e9 en France depuis l\u2019\u00e9pizootie de l\u2019hiver dernier. Des zones r\u00e9glement\u00e9es ont \u00e9t\u00e9 mises en place autour de l\u2019exploitation touch\u00e9e. Le risque IAHP demeure \u00ab&nbsp;n\u00e9gligeable&nbsp;\u00bb sur le territoire national. Le premier foyer d\u2019influenza [&hellip;]<\/p>\n","protected":false},"author":1,"featured_media":5149,"comment_status":"closed","ping_status":"closed","sticky":false,"template":"","format":"standard","meta":{"footnotes":""},"categories":[50],"tags":[],"class_list":["post-5148","post","type-post","status-publish","format-standard","has-post-thumbnail","hentry","category-information"],"_links":{"self":[{"href":"https:\/\/gtvbfc.com\/index.php\/wp-json\/wp\/v2\/posts\/5148","targetHints":{"allow":["GET"]}}],"collection":[{"href":"https:\/\/gtvbfc.com\/index.php\/wp-json\/wp\/v2\/posts"}],"about":[{"href":"https:\/\/gtvbfc.com\/index.php\/wp-json\/wp\/v2\/types\/post"}],"author":[{"embeddable":true,"href":"https:\/\/gtvbfc.com\/index.php\/wp-json\/wp\/v2\/users\/1"}],"replies":[{"embeddable":true,"href":"https:\/\/gtvbfc.com\/index.php\/wp-json\/wp\/v2\/comments?post=5148"}],"version-history":[{"count":0,"href":"https:\/\/gtvbfc.com\/index.php\/wp-json\/wp\/v2\/posts\/5148\/revisions"}],"wp:featuredmedia":[{"embeddable":true,"href":"https:\/\/gtvbfc.com\/index.php\/wp-json\/wp\/v2\/media\/5149"}],"wp:attachment":[{"href":"https:\/\/gtvbfc.com\/index.php\/wp-json\/wp\/v2\/media?parent=5148"}],"wp:term":[{"taxonomy":"category","embeddable":true,"href":"https:\/\/gtvbfc.com\/index.php\/wp-json\/wp\/v2\/categories?post=5148"},{"taxonomy":"post_tag","embeddable":true,"href":"https:\/\/gtvbfc.com\/index.php\/wp-json\/wp\/v2\/tags?post=5148"}],"curies":[{"name":"wp","href":"https:\/\/api.w.org\/{rel}","templated":true}]}}