{"id":3944,"date":"2023-11-27T17:57:35","date_gmt":"2023-11-27T16:57:35","guid":{"rendered":"https:\/\/gtvbfc.com\/?p=3944"},"modified":"2024-10-24T10:59:29","modified_gmt":"2024-10-24T08:59:29","slug":"webinaire-anesthesie-locale-ruminants-chevaux","status":"publish","type":"post","link":"https:\/\/gtvbfc.com\/index.php\/2023\/11\/27\/webinaire-anesthesie-locale-ruminants-chevaux\/","title":{"rendered":"Webinaire Anesth\u00e9sie locale ruminants &#038; chevaux"},"content":{"rendered":"\n<p>6 sessions d&rsquo;une heure propos\u00e9es, pas d&rsquo;inscription obligatoire:<\/p>\n\n\n\n<ul class=\"wp-block-list\">\n<li><strong>Jeudi 30 novembre 2023 de 8h \u00e0 9h ou de 19h \u00e0 20h<\/strong><\/li>\n\n\n\n<li><strong>Mercredi 13 d\u00e9cembre 2023 de 8h \u00e0 9h ou de 19h \u00e0 20h<\/strong><\/li>\n\n\n\n<li><strong>Jeudi 14 d\u00e9cembre 2023 de 8h \u00e0 9h ou de 19h \u00e0 20h<\/strong><\/li>\n<\/ul>\n\n\n\n<p><strong>Th\u00e8me: <\/strong>\u00ab\u00a0Anesth\u00e9sie locale chez les bovins et chevaux: retour de terrain sur un nouvel anesth\u00e9sique\u00a0\u00bb par le GTVBFC et le laboratoire MELCHIOR Sant\u00e9 Animale.<\/p>\n\n\n\n<p><strong>Intervenants <\/strong>: <br>Dr Jocelyn Amiot (GTV BFC)<br>Dr Xavier Quentin (GTV Normandie)<br>Dr Mehdi Hakimi (GTV Mayenne)<\/p>\n\n\n\n<div class=\"wp-block-buttons is-layout-flex wp-block-buttons-is-layout-flex\">\n<div class=\"wp-block-button\"><a class=\"wp-block-button__link wp-element-button\" href=\"https:\/\/meet.goto.com\/install\" target=\"_blank\" rel=\"noreferrer noopener\">Installer GotoMeet<\/a><\/div>\n\n\n\n<div class=\"wp-block-button\"><a class=\"wp-block-button__link has-colibri-color-3-background-color has-background wp-element-button\" href=\"https:\/\/meet.goto.com\/GTVBFC\/webinairespronestesicmelchiorgtvbfc-30nov13et14dec\" target=\"_blank\" rel=\"noreferrer noopener\">Suivre le webinaire<\/a><\/div>\n<\/div>\n\n\n\n<p>Utilisez le bouton ci-dessus aux horaires annonc\u00e9s: par t\u00e9l\u00e9phone : France:+33 430 001 241 \/&nbsp; Code d&rsquo;acc\u00e8s: 477-266-181<\/p>\n","protected":false},"excerpt":{"rendered":"<p>6 sessions d&rsquo;une heure propos\u00e9es, pas d&rsquo;inscription obligatoire: Th\u00e8me: \u00ab\u00a0Anesth\u00e9sie locale chez les bovins et chevaux: retour de terrain sur un nouvel anesth\u00e9sique\u00a0\u00bb par le GTVBFC et le laboratoire MELCHIOR Sant\u00e9 Animale. Intervenants : Dr Jocelyn Amiot (GTV BFC)Dr Xavier Quentin (GTV Normandie)Dr Mehdi Hakimi (GTV Mayenne) Utilisez le bouton ci-dessus aux horaires annonc\u00e9s: par [&hellip;]<\/p>\n","protected":false},"author":1,"featured_media":0,"comment_status":"closed","ping_status":"closed","sticky":false,"template":"","format":"standard","meta":{"footnotes":""},"categories":[44],"tags":[],"class_list":["post-3944","post","type-post","status-publish","format-standard","hentry","category-formation-veterinaire"],"_links":{"self":[{"href":"https:\/\/gtvbfc.com\/index.php\/wp-json\/wp\/v2\/posts\/3944","targetHints":{"allow":["GET"]}}],"collection":[{"href":"https:\/\/gtvbfc.com\/index.php\/wp-json\/wp\/v2\/posts"}],"about":[{"href":"https:\/\/gtvbfc.com\/index.php\/wp-json\/wp\/v2\/types\/post"}],"author":[{"embeddable":true,"href":"https:\/\/gtvbfc.com\/index.php\/wp-json\/wp\/v2\/users\/1"}],"replies":[{"embeddable":true,"href":"https:\/\/gtvbfc.com\/index.php\/wp-json\/wp\/v2\/comments?post=3944"}],"version-history":[{"count":0,"href":"https:\/\/gtvbfc.com\/index.php\/wp-json\/wp\/v2\/posts\/3944\/revisions"}],"wp:attachment":[{"href":"https:\/\/gtvbfc.com\/index.php\/wp-json\/wp\/v2\/media?parent=3944"}],"wp:term":[{"taxonomy":"category","embeddable":true,"href":"https:\/\/gtvbfc.com\/index.php\/wp-json\/wp\/v2\/categories?post=3944"},{"taxonomy":"post_tag","embeddable":true,"href":"https:\/\/gtvbfc.com\/index.php\/wp-json\/wp\/v2\/tags?post=3944"}],"curies":[{"name":"wp","href":"https:\/\/api.w.org\/{rel}","templated":true}]}}