{"id":3830,"date":"2023-11-02T20:59:41","date_gmt":"2023-11-02T19:59:41","guid":{"rendered":"https:\/\/gtvbfc.com\/?p=3830"},"modified":"2023-11-02T21:22:22","modified_gmt":"2023-11-02T20:22:22","slug":"culicoide-et-lutte-anti-vectorielle-fco-et-mhe","status":"publish","type":"post","link":"https:\/\/gtvbfc.com\/index.php\/2023\/11\/02\/culicoide-et-lutte-anti-vectorielle-fco-et-mhe\/","title":{"rendered":"Culico\u00efde et lutte anti-vectorielle FCO et MHE"},"content":{"rendered":"\n<p>Concernant les moyens de lute an\udbc0\udd9f-vectorielle contre les Culicoides en situa\udbc0\udd9fon d\u2019\u00e9levage de ruminants en France, il est important de souligner que tr\u00e8s peu de mesures ont fait l\u2019objet d\u2019exp\u00e9rimentations pour confirmer leurs impacts en termes de diminution des populations adultes et de risque de transmission de virus. La plupart des mesures sont bas\u00e9es sur la connaissance de la biologie ou l\u2019\u00e9cologie des Culicoides et sur l\u2019hypoth\u00e8se que ces mesures impactent l\u2019abondance des populations et donc le risque de transmission.<\/p>\n\n\n\n<div data-wp-interactive=\"core\/file\" class=\"wp-block-file\"><object data-wp-bind--hidden=\"!state.hasPdfPreview\" hidden class=\"wp-block-file__embed\" data=\"https:\/\/gtvbfc.com\/wp-content\/uploads\/2023\/11\/2023-10-27-Gestion-vecteurs-v1.pdf\" type=\"application\/pdf\" style=\"width:100%;height:850px\" aria-label=\"Contenu embarqu\u00e9 2023-10-27-Gestion-vecteurs-v1.\"><\/object><a id=\"wp-block-file--media-dbc98e30-e1c2-43b9-bf0c-3f30938818fa\" href=\"https:\/\/gtvbfc.com\/wp-content\/uploads\/2023\/11\/2023-10-27-Gestion-vecteurs-v1.pdf\">2023-10-27-Gestion-vecteurs-v1<\/a><a href=\"https:\/\/gtvbfc.com\/wp-content\/uploads\/2023\/11\/2023-10-27-Gestion-vecteurs-v1.pdf\" class=\"wp-block-file__button wp-element-button\" download aria-describedby=\"wp-block-file--media-dbc98e30-e1c2-43b9-bf0c-3f30938818fa\">T\u00e9l\u00e9charger<\/a><\/div>\n\n\n\n<figure class=\"wp-block-embed is-type-video is-provider-youtube wp-block-embed-youtube wp-embed-aspect-16-9 wp-has-aspect-ratio\"><div class=\"wp-block-embed__wrapper\">\n<iframe loading=\"lazy\" title=\"Culicoides et lutte antivectorielle\" width=\"500\" height=\"281\" src=\"https:\/\/www.youtube.com\/embed\/G5vLLD1DJds?feature=oembed\" frameborder=\"0\" allow=\"accelerometer; autoplay; clipboard-write; encrypted-media; gyroscope; picture-in-picture; web-share\" referrerpolicy=\"strict-origin-when-cross-origin\" allowfullscreen><\/iframe>\n<\/div><\/figure>\n\n\n\n<h2 class=\"wp-block-heading\">Replay de la visioconf\u00e9rence de Claire Garros, chercheure entomologiste sp\u00e9cialiste des Culico\u00efdes au CIRAD<\/h2>\n","protected":false},"excerpt":{"rendered":"<p>Concernant les moyens de lute an\udbc0\udd9f-vectorielle contre les Culicoides en situa\udbc0\udd9fon d\u2019\u00e9levage de ruminants en France, il est important de souligner que tr\u00e8s peu de mesures ont fait l\u2019objet d\u2019exp\u00e9rimentations pour confirmer leurs impacts en termes de diminution des populations adultes et de risque de transmission de virus. La plupart des mesures sont bas\u00e9es sur [&hellip;]<\/p>\n","protected":false},"author":1,"featured_media":1688,"comment_status":"closed","ping_status":"closed","sticky":false,"template":"","format":"standard","meta":{"footnotes":""},"categories":[50],"tags":[],"class_list":["post-3830","post","type-post","status-publish","format-standard","has-post-thumbnail","hentry","category-information"],"_links":{"self":[{"href":"https:\/\/gtvbfc.com\/index.php\/wp-json\/wp\/v2\/posts\/3830","targetHints":{"allow":["GET"]}}],"collection":[{"href":"https:\/\/gtvbfc.com\/index.php\/wp-json\/wp\/v2\/posts"}],"about":[{"href":"https:\/\/gtvbfc.com\/index.php\/wp-json\/wp\/v2\/types\/post"}],"author":[{"embeddable":true,"href":"https:\/\/gtvbfc.com\/index.php\/wp-json\/wp\/v2\/users\/1"}],"replies":[{"embeddable":true,"href":"https:\/\/gtvbfc.com\/index.php\/wp-json\/wp\/v2\/comments?post=3830"}],"version-history":[{"count":0,"href":"https:\/\/gtvbfc.com\/index.php\/wp-json\/wp\/v2\/posts\/3830\/revisions"}],"wp:featuredmedia":[{"embeddable":true,"href":"https:\/\/gtvbfc.com\/index.php\/wp-json\/wp\/v2\/media\/1688"}],"wp:attachment":[{"href":"https:\/\/gtvbfc.com\/index.php\/wp-json\/wp\/v2\/media?parent=3830"}],"wp:term":[{"taxonomy":"category","embeddable":true,"href":"https:\/\/gtvbfc.com\/index.php\/wp-json\/wp\/v2\/categories?post=3830"},{"taxonomy":"post_tag","embeddable":true,"href":"https:\/\/gtvbfc.com\/index.php\/wp-json\/wp\/v2\/tags?post=3830"}],"curies":[{"name":"wp","href":"https:\/\/api.w.org\/{rel}","templated":true}]}}